{"id":1315,"date":"2013-05-29T11:37:08","date_gmt":"2013-05-29T11:37:08","guid":{"rendered":"http:\/\/www.fira.edu.br\/site\/?p=1315"},"modified":"2013-05-29T11:41:53","modified_gmt":"2013-05-29T11:41:53","slug":"iii-varal-literario","status":"publish","type":"post","link":"https:\/\/www.fira.edu.br\/site\/iii-varal-literario\/","title":{"rendered":"III Varal Liter\u00e1rio"},"content":{"rendered":"<p>Quinta-feira, dia 16\/05, aconteceu no Anfiteatro da FREA, o III Varal Liter\u00e1rio, sob o comando da prof\u00aa Eliana da Silva Oliveira Valente.<br \/>\nO Varal Liter\u00e1rio consiste num concurso de contos, cr\u00f4nicas e poesias com participa\u00e7\u00e3o extensiva a todos os alunos de todos os cursos das Faculdades.<br \/>\nOrganizado pelo 7\u00ba Termo de Letras, contou tamb\u00e9m com a participa\u00e7\u00e3o do 5\u00ba Termo de Pedagogia em apresenta\u00e7\u00f5es musicais, teatrais e po\u00e9ticas.<br \/>\nO grande homenageado foi o poetinha Vin\u00edcius de Moraes, que faria cem anos em 2013.<br \/>\nDurante o espet\u00e1culo, o grande p\u00fablico presente ovacionou os escolhidos pela comiss\u00e3o julgadora, dentre eles, o querido secret\u00e1rio de Cultura, Gilson C\u00e2mara.<br \/>\nDentre os v\u00e1rios trabalhos, o j\u00fari teve dificuldade para escolher os tr\u00eas primeiros lugares em cada g\u00eanero que listamos a seguir:<br \/>\nPOESIA &#8211; 1\u00ba lugar &#8211; Renato Leit\u00e3o Tomaz (Matem\u00e1tica) &#8211; Fragmento de um discurso subjetivo.<br \/>\n2\u00ba lugar &#8211; Edivaldo Ferreira (Hist\u00f3ria) &#8211; Civiliza\u00e7\u00e3o Moderna<br \/>\n3\u00ba lugar &#8211; Rodrigo Concei\u00e7\u00e3o da Silva (Artes) &#8211; \u00c9s mui cara.<br \/>\nCR\u00d4NICA- l\u00ba lugar &#8211; Luane de O. Silvestre &#8211; Devaneio<br \/>\n2\u00ba lugar &#8211; Rafaela Pereira de Souza (Artes) &#8211; Felicidade<br \/>\n3\u00ba lugar &#8211; Celso Melo de Oliveira (Pedagogia) &#8211; Trabalho de H\u00e9rcules<br \/>\nCONTO &#8211; 1\u00ba lugar Rafaela Pereira de Souza (Artes) &#8211; Bala de Festim<br \/>\n2\u00ba lugar &#8211; D\u00e9cio Dantas do Nascimento &#8211; A rifa da porca<br \/>\n3\u00ba lugar &#8211; Roberto Carvalho Ferreira &#8211; Cobras na escola p\u00fablica<\/p>\n<p>O Varal Liter\u00e1rio conquistou a todos e j\u00e1 faz parte do calend\u00e1rio cultural da Fira.<br \/>\nA Dire\u00e7\u00e3o agradece aos organizadores pela brilhante apresenta\u00e7\u00e3o, \u00e0 prof\u00aa Eliana por sua dedica\u00e7\u00e3o e aos participantes pelos lindos textos apresentados. Em 2014 tem mais.<\/p>\n<p>&nbsp;<\/p>\n\n\t\t<style type=\"text\/css\">\n\t\t\t#gallery-1 {\n\t\t\t\tmargin: auto;\n\t\t\t}\n\t\t\t#gallery-1 .gallery-item {\n\t\t\t\tfloat: left;\n\t\t\t\tmargin-top: 10px;\n\t\t\t\ttext-align: center;\n\t\t\t\twidth: 20%;\n\t\t\t}\n\t\t\t#gallery-1 img {\n\t\t\t\tborder: 2px solid #cfcfcf;\n\t\t\t}\n\t\t\t#gallery-1 .gallery-caption {\n\t\t\t\tmargin-left: 0;\n\t\t\t}\n\t\t\t\/* see gallery_shortcode() in wp-includes\/media.php *\/\n\t\t<\/style>\n\t\t<div id='gallery-1' class='gallery galleryid-1315 gallery-columns-5 gallery-size-thumbnail'><dl class='gallery-item'>\n\t\t\t<dt class='gallery-icon landscape'>\n\t\t\t\t<a href='https:\/\/www.fira.edu.br\/site\/wp-content\/uploads\/2013\/05\/2013_VARAL_LITERARIO_004.jpg'><img decoding=\"async\" width=\"150\" height=\"150\" src=\"https:\/\/www.fira.edu.br\/site\/wp-content\/uploads\/2013\/05\/2013_VARAL_LITERARIO_004-150x150.jpg\" class=\"attachment-thumbnail size-thumbnail\" alt=\"\" \/><\/a>\n\t\t\t<\/dt><\/dl><dl class='gallery-item'>\n\t\t\t<dt class='gallery-icon landscape'>\n\t\t\t\t<a href='https:\/\/www.fira.edu.br\/site\/wp-content\/uploads\/2013\/05\/2013_VARAL_LITERARIO_018.jpg'><img decoding=\"async\" width=\"150\" height=\"150\" src=\"https:\/\/www.fira.edu.br\/site\/wp-content\/uploads\/2013\/05\/2013_VARAL_LITERARIO_018-150x150.jpg\" class=\"attachment-thumbnail size-thumbnail\" alt=\"\" \/><\/a>\n\t\t\t<\/dt><\/dl><dl class='gallery-item'>\n\t\t\t<dt class='gallery-icon landscape'>\n\t\t\t\t<a href='https:\/\/www.fira.edu.br\/site\/wp-content\/uploads\/2013\/05\/2013_VARAL_LITERARIO_017.jpg'><img decoding=\"async\" width=\"150\" height=\"150\" src=\"https:\/\/www.fira.edu.br\/site\/wp-content\/uploads\/2013\/05\/2013_VARAL_LITERARIO_017-150x150.jpg\" class=\"attachment-thumbnail size-thumbnail\" alt=\"\" \/><\/a>\n\t\t\t<\/dt><\/dl><dl class='gallery-item'>\n\t\t\t<dt class='gallery-icon landscape'>\n\t\t\t\t<a href='https:\/\/www.fira.edu.br\/site\/wp-content\/uploads\/2013\/05\/2013_VARAL_LITERARIO_013.jpg'><img loading=\"lazy\" decoding=\"async\" width=\"150\" height=\"150\" src=\"https:\/\/www.fira.edu.br\/site\/wp-content\/uploads\/2013\/05\/2013_VARAL_LITERARIO_013-150x150.jpg\" class=\"attachment-thumbnail size-thumbnail\" alt=\"\" \/><\/a>\n\t\t\t<\/dt><\/dl><dl class='gallery-item'>\n\t\t\t<dt class='gallery-icon landscape'>\n\t\t\t\t<a href='https:\/\/www.fira.edu.br\/site\/wp-content\/uploads\/2013\/05\/2013_VARAL_LITERARIO_006.jpg'><img loading=\"lazy\" decoding=\"async\" width=\"150\" height=\"150\" src=\"https:\/\/www.fira.edu.br\/site\/wp-content\/uploads\/2013\/05\/2013_VARAL_LITERARIO_006-150x150.jpg\" class=\"attachment-thumbnail size-thumbnail\" alt=\"\" \/><\/a>\n\t\t\t<\/dt><\/dl><br style=\"clear: both\" \/><dl class='gallery-item'>\n\t\t\t<dt class='gallery-icon landscape'>\n\t\t\t\t<a href='https:\/\/www.fira.edu.br\/site\/wp-content\/uploads\/2013\/05\/2013_VARAL_LITERARIO_010.jpg'><img loading=\"lazy\" decoding=\"async\" width=\"150\" height=\"150\" src=\"https:\/\/www.fira.edu.br\/site\/wp-content\/uploads\/2013\/05\/2013_VARAL_LITERARIO_010-150x150.jpg\" class=\"attachment-thumbnail size-thumbnail\" alt=\"\" \/><\/a>\n\t\t\t<\/dt><\/dl><dl class='gallery-item'>\n\t\t\t<dt class='gallery-icon landscape'>\n\t\t\t\t<a href='https:\/\/www.fira.edu.br\/site\/wp-content\/uploads\/2013\/05\/2013_VARAL_LITERARIO_014.jpg'><img loading=\"lazy\" decoding=\"async\" width=\"150\" height=\"150\" src=\"https:\/\/www.fira.edu.br\/site\/wp-content\/uploads\/2013\/05\/2013_VARAL_LITERARIO_014-150x150.jpg\" class=\"attachment-thumbnail size-thumbnail\" alt=\"\" \/><\/a>\n\t\t\t<\/dt><\/dl><dl class='gallery-item'>\n\t\t\t<dt class='gallery-icon landscape'>\n\t\t\t\t<a href='https:\/\/www.fira.edu.br\/site\/wp-content\/uploads\/2013\/05\/2013_VARAL_LITERARIO_008.jpg'><img loading=\"lazy\" decoding=\"async\" width=\"150\" height=\"150\" src=\"https:\/\/www.fira.edu.br\/site\/wp-content\/uploads\/2013\/05\/2013_VARAL_LITERARIO_008-150x150.jpg\" class=\"attachment-thumbnail size-thumbnail\" alt=\"\" \/><\/a>\n\t\t\t<\/dt><\/dl><dl class='gallery-item'>\n\t\t\t<dt class='gallery-icon landscape'>\n\t\t\t\t<a href='https:\/\/www.fira.edu.br\/site\/wp-content\/uploads\/2013\/05\/2013_VARAL_LITERARIO_002.jpg'><img loading=\"lazy\" decoding=\"async\" width=\"150\" height=\"150\" src=\"https:\/\/www.fira.edu.br\/site\/wp-content\/uploads\/2013\/05\/2013_VARAL_LITERARIO_002-150x150.jpg\" class=\"attachment-thumbnail size-thumbnail\" alt=\"\" \/><\/a>\n\t\t\t<\/dt><\/dl><dl class='gallery-item'>\n\t\t\t<dt class='gallery-icon landscape'>\n\t\t\t\t<a href='https:\/\/www.fira.edu.br\/site\/wp-content\/uploads\/2013\/05\/2013_VARAL_LITERARIO_020.jpg'><img loading=\"lazy\" decoding=\"async\" width=\"150\" height=\"150\" src=\"https:\/\/www.fira.edu.br\/site\/wp-content\/uploads\/2013\/05\/2013_VARAL_LITERARIO_020-150x150.jpg\" class=\"attachment-thumbnail size-thumbnail\" alt=\"\" \/><\/a>\n\t\t\t<\/dt><\/dl><br style=\"clear: both\" \/><dl class='gallery-item'>\n\t\t\t<dt class='gallery-icon landscape'>\n\t\t\t\t<a href='https:\/\/www.fira.edu.br\/site\/wp-content\/uploads\/2013\/05\/2013_VARAL_LITERARIO_009.jpg'><img loading=\"lazy\" decoding=\"async\" width=\"150\" height=\"150\" src=\"https:\/\/www.fira.edu.br\/site\/wp-content\/uploads\/2013\/05\/2013_VARAL_LITERARIO_009-150x150.jpg\" class=\"attachment-thumbnail size-thumbnail\" alt=\"\" \/><\/a>\n\t\t\t<\/dt><\/dl><dl class='gallery-item'>\n\t\t\t<dt class='gallery-icon landscape'>\n\t\t\t\t<a href='https:\/\/www.fira.edu.br\/site\/wp-content\/uploads\/2013\/05\/2013_VARAL_LITERARIO_003.jpg'><img loading=\"lazy\" decoding=\"async\" width=\"150\" height=\"150\" src=\"https:\/\/www.fira.edu.br\/site\/wp-content\/uploads\/2013\/05\/2013_VARAL_LITERARIO_003-150x150.jpg\" class=\"attachment-thumbnail size-thumbnail\" alt=\"\" \/><\/a>\n\t\t\t<\/dt><\/dl><dl class='gallery-item'>\n\t\t\t<dt class='gallery-icon landscape'>\n\t\t\t\t<a href='https:\/\/www.fira.edu.br\/site\/wp-content\/uploads\/2013\/05\/2013_VARAL_LITERARIO_016.jpg'><img loading=\"lazy\" decoding=\"async\" width=\"150\" height=\"150\" src=\"https:\/\/www.fira.edu.br\/site\/wp-content\/uploads\/2013\/05\/2013_VARAL_LITERARIO_016-150x150.jpg\" class=\"attachment-thumbnail size-thumbnail\" alt=\"\" \/><\/a>\n\t\t\t<\/dt><\/dl><dl class='gallery-item'>\n\t\t\t<dt class='gallery-icon landscape'>\n\t\t\t\t<a href='https:\/\/www.fira.edu.br\/site\/wp-content\/uploads\/2013\/05\/2013_VARAL_LITERARIO_012.jpg'><img loading=\"lazy\" decoding=\"async\" width=\"150\" height=\"150\" src=\"https:\/\/www.fira.edu.br\/site\/wp-content\/uploads\/2013\/05\/2013_VARAL_LITERARIO_012-150x150.jpg\" class=\"attachment-thumbnail size-thumbnail\" alt=\"\" \/><\/a>\n\t\t\t<\/dt><\/dl><dl class='gallery-item'>\n\t\t\t<dt class='gallery-icon landscape'>\n\t\t\t\t<a href='https:\/\/www.fira.edu.br\/site\/wp-content\/uploads\/2013\/05\/2013_VARAL_LITERARIO_007.jpg'><img loading=\"lazy\" decoding=\"async\" width=\"150\" height=\"150\" src=\"https:\/\/www.fira.edu.br\/site\/wp-content\/uploads\/2013\/05\/2013_VARAL_LITERARIO_007-150x150.jpg\" class=\"attachment-thumbnail size-thumbnail\" alt=\"\" \/><\/a>\n\t\t\t<\/dt><\/dl><br style=\"clear: both\" \/><dl class='gallery-item'>\n\t\t\t<dt class='gallery-icon landscape'>\n\t\t\t\t<a href='https:\/\/www.fira.edu.br\/site\/wp-content\/uploads\/2013\/05\/2013_VARAL_LITERARIO_001.jpg'><img loading=\"lazy\" decoding=\"async\" width=\"150\" height=\"150\" src=\"https:\/\/www.fira.edu.br\/site\/wp-content\/uploads\/2013\/05\/2013_VARAL_LITERARIO_001-150x150.jpg\" class=\"attachment-thumbnail size-thumbnail\" alt=\"\" \/><\/a>\n\t\t\t<\/dt><\/dl><dl class='gallery-item'>\n\t\t\t<dt class='gallery-icon landscape'>\n\t\t\t\t<a href='https:\/\/www.fira.edu.br\/site\/wp-content\/uploads\/2013\/05\/2013_VARAL_LITERARIO_011.jpg'><img loading=\"lazy\" decoding=\"async\" width=\"150\" height=\"150\" src=\"https:\/\/www.fira.edu.br\/site\/wp-content\/uploads\/2013\/05\/2013_VARAL_LITERARIO_011-150x150.jpg\" class=\"attachment-thumbnail size-thumbnail\" alt=\"\" \/><\/a>\n\t\t\t<\/dt><\/dl><dl class='gallery-item'>\n\t\t\t<dt class='gallery-icon landscape'>\n\t\t\t\t<a href='https:\/\/www.fira.edu.br\/site\/wp-content\/uploads\/2013\/05\/2013_VARAL_LITERARIO_005.jpg'><img loading=\"lazy\" decoding=\"async\" width=\"150\" height=\"150\" src=\"https:\/\/www.fira.edu.br\/site\/wp-content\/uploads\/2013\/05\/2013_VARAL_LITERARIO_005-150x150.jpg\" class=\"attachment-thumbnail size-thumbnail\" alt=\"\" \/><\/a>\n\t\t\t<\/dt><\/dl><dl class='gallery-item'>\n\t\t\t<dt class='gallery-icon landscape'>\n\t\t\t\t<a href='https:\/\/www.fira.edu.br\/site\/wp-content\/uploads\/2013\/05\/2013_VARAL_LITERARIO_015.jpg'><img loading=\"lazy\" decoding=\"async\" width=\"150\" height=\"150\" src=\"https:\/\/www.fira.edu.br\/site\/wp-content\/uploads\/2013\/05\/2013_VARAL_LITERARIO_015-150x150.jpg\" class=\"attachment-thumbnail size-thumbnail\" alt=\"\" \/><\/a>\n\t\t\t<\/dt><\/dl>\n\t\t\t<br style='clear: both' \/>\n\t\t<\/div>\n\n<p>&nbsp;<\/p>\n<p>&nbsp;<\/p>\n<p>&nbsp;<\/p>\n<p><object id=\"a8ca59d8-9b3a-84b1-1b0a-48b6c9b593b6\" width=\"0\" height=\"0\" type=\"application\/gas-events-abn\"><\/object><\/p>\n","protected":false},"excerpt":{"rendered":"<p>Quinta-feira, dia 16\/05, aconteceu no Anfiteatro da FREA, o III Varal Liter\u00e1rio, sob o comando da prof\u00aa Eliana da Silva Oliveira Valente. O Varal Liter\u00e1rio consiste num concurso de contos, cr\u00f4nicas e poesias com participa\u00e7\u00e3o extensiva a todos os alunos de todos os cursos das Faculdades. Organizado pelo 7\u00ba Termo de Letras, contou tamb\u00e9m com&hellip; <br \/> <a class=\"read-more\" href=\"https:\/\/www.fira.edu.br\/site\/iii-varal-literario\/\">Leia mais<\/a><\/p>\n","protected":false},"author":2,"featured_media":0,"comment_status":"closed","ping_status":"open","sticky":false,"template":"","format":"standard","meta":{"_jetpack_memberships_contains_paid_content":false,"_joinchat":[],"footnotes":""},"categories":[12,11],"tags":[],"class_list":["post-1315","post","type-post","status-publish","format-standard","hentry","category-12","category-arquivos"],"yoast_head":"<!-- This site is optimized with the Yoast SEO plugin v27.4 - https:\/\/yoast.com\/product\/yoast-seo-wordpress\/ -->\n<title>III Varal Liter\u00e1rio - FACULDADES INTEGRADAS REGIONAIS DE AVAR\u00c9<\/title>\n<meta name=\"description\" content=\"O Varal Liter\u00e1rio consiste num concurso de contos, cr\u00f4nicas e poesias com participa\u00e7\u00e3o extensiva a todos os alunos de todos os cursos das Faculdades.\" \/>\n<meta name=\"robots\" content=\"index, follow, max-snippet:-1, max-image-preview:large, max-video-preview:-1\" \/>\n<link rel=\"canonical\" href=\"https:\/\/www.fira.edu.br\/site\/iii-varal-literario\/\" \/>\n<meta property=\"og:locale\" content=\"pt_BR\" \/>\n<meta property=\"og:type\" content=\"article\" \/>\n<meta property=\"og:title\" content=\"III Varal Liter\u00e1rio - FACULDADES INTEGRADAS REGIONAIS DE AVAR\u00c9\" \/>\n<meta property=\"og:description\" content=\"O Varal Liter\u00e1rio consiste num concurso de contos, cr\u00f4nicas e poesias com participa\u00e7\u00e3o extensiva a todos os alunos de todos os cursos das Faculdades.\" \/>\n<meta property=\"og:url\" content=\"https:\/\/www.fira.edu.br\/site\/iii-varal-literario\/\" \/>\n<meta property=\"og:site_name\" content=\"FACULDADES INTEGRADAS REGIONAIS DE AVAR\u00c9\" \/>\n<meta property=\"article:published_time\" content=\"2013-05-29T11:37:08+00:00\" \/>\n<meta property=\"article:modified_time\" content=\"2013-05-29T11:41:53+00:00\" \/>\n<meta property=\"og:image\" content=\"https:\/\/www.fira.edu.br\/site\/wp-content\/uploads\/2013\/05\/2013_VARAL_LITERARIO_005-150x150.jpg\" \/>\n<meta name=\"author\" content=\"FREA\" \/>\n<meta name=\"twitter:label1\" content=\"Escrito por\" \/>\n\t<meta name=\"twitter:data1\" content=\"FREA\" \/>\n\t<meta name=\"twitter:label2\" content=\"Est. tempo de leitura\" \/>\n\t<meta name=\"twitter:data2\" content=\"1 minuto\" \/>\n<script type=\"application\/ld+json\" class=\"yoast-schema-graph\">{\"@context\":\"https:\\\/\\\/schema.org\",\"@graph\":[{\"@type\":\"Article\",\"@id\":\"https:\\\/\\\/www.fira.edu.br\\\/site\\\/iii-varal-literario\\\/#article\",\"isPartOf\":{\"@id\":\"https:\\\/\\\/www.fira.edu.br\\\/site\\\/iii-varal-literario\\\/\"},\"author\":{\"name\":\"FREA\",\"@id\":\"https:\\\/\\\/www.fira.edu.br\\\/site\\\/#\\\/schema\\\/person\\\/a52bdc8bfd4499c595b6df8ff130beb0\"},\"headline\":\"III Varal Liter\u00e1rio\",\"datePublished\":\"2013-05-29T11:37:08+00:00\",\"dateModified\":\"2013-05-29T11:41:53+00:00\",\"mainEntityOfPage\":{\"@id\":\"https:\\\/\\\/www.fira.edu.br\\\/site\\\/iii-varal-literario\\\/\"},\"wordCount\":303,\"publisher\":{\"@id\":\"https:\\\/\\\/www.fira.edu.br\\\/site\\\/#organization\"},\"articleSection\":[\"2013\",\"Arquivos\"],\"inLanguage\":\"pt-BR\"},{\"@type\":\"WebPage\",\"@id\":\"https:\\\/\\\/www.fira.edu.br\\\/site\\\/iii-varal-literario\\\/\",\"url\":\"https:\\\/\\\/www.fira.edu.br\\\/site\\\/iii-varal-literario\\\/\",\"name\":\"III Varal Liter\u00e1rio - FACULDADES INTEGRADAS REGIONAIS DE AVAR\u00c9\",\"isPartOf\":{\"@id\":\"https:\\\/\\\/www.fira.edu.br\\\/site\\\/#website\"},\"datePublished\":\"2013-05-29T11:37:08+00:00\",\"dateModified\":\"2013-05-29T11:41:53+00:00\",\"description\":\"O Varal Liter\u00e1rio consiste num concurso de contos, cr\u00f4nicas e poesias com participa\u00e7\u00e3o extensiva a todos os alunos de todos os cursos das Faculdades.\",\"breadcrumb\":{\"@id\":\"https:\\\/\\\/www.fira.edu.br\\\/site\\\/iii-varal-literario\\\/#breadcrumb\"},\"inLanguage\":\"pt-BR\",\"potentialAction\":[{\"@type\":\"ReadAction\",\"target\":[\"https:\\\/\\\/www.fira.edu.br\\\/site\\\/iii-varal-literario\\\/\"]}]},{\"@type\":\"BreadcrumbList\",\"@id\":\"https:\\\/\\\/www.fira.edu.br\\\/site\\\/iii-varal-literario\\\/#breadcrumb\",\"itemListElement\":[{\"@type\":\"ListItem\",\"position\":1,\"name\":\"In\u00edcio\",\"item\":\"https:\\\/\\\/www.fira.edu.br\\\/site\\\/\"},{\"@type\":\"ListItem\",\"position\":2,\"name\":\"III Varal Liter\u00e1rio\"}]},{\"@type\":\"WebSite\",\"@id\":\"https:\\\/\\\/www.fira.edu.br\\\/site\\\/#website\",\"url\":\"https:\\\/\\\/www.fira.edu.br\\\/site\\\/\",\"name\":\"FACULDADES INTEGRADAS REGIONAIS DE AVAR\u00c9\",\"description\":\"A tradi\u00e7\u00e3o \u00e9 nossa. A oportunidade \u00e9 sua.\",\"publisher\":{\"@id\":\"https:\\\/\\\/www.fira.edu.br\\\/site\\\/#organization\"},\"potentialAction\":[{\"@type\":\"SearchAction\",\"target\":{\"@type\":\"EntryPoint\",\"urlTemplate\":\"https:\\\/\\\/www.fira.edu.br\\\/site\\\/?s={search_term_string}\"},\"query-input\":{\"@type\":\"PropertyValueSpecification\",\"valueRequired\":true,\"valueName\":\"search_term_string\"}}],\"inLanguage\":\"pt-BR\"},{\"@type\":\"Organization\",\"@id\":\"https:\\\/\\\/www.fira.edu.br\\\/site\\\/#organization\",\"name\":\"FACULDADES INTEGRADAS REGIONAIS DE AVAR\u00c9\",\"url\":\"https:\\\/\\\/www.fira.edu.br\\\/site\\\/\",\"logo\":{\"@type\":\"ImageObject\",\"inLanguage\":\"pt-BR\",\"@id\":\"https:\\\/\\\/www.fira.edu.br\\\/site\\\/#\\\/schema\\\/logo\\\/image\\\/\",\"url\":\"https:\\\/\\\/www.fira.edu.br\\\/site\\\/wp-content\\\/uploads\\\/2020\\\/12\\\/fira-teste-.png\",\"contentUrl\":\"https:\\\/\\\/www.fira.edu.br\\\/site\\\/wp-content\\\/uploads\\\/2020\\\/12\\\/fira-teste-.png\",\"width\":105,\"height\":105,\"caption\":\"FACULDADES INTEGRADAS REGIONAIS DE AVAR\u00c9\"},\"image\":{\"@id\":\"https:\\\/\\\/www.fira.edu.br\\\/site\\\/#\\\/schema\\\/logo\\\/image\\\/\"}},{\"@type\":\"Person\",\"@id\":\"https:\\\/\\\/www.fira.edu.br\\\/site\\\/#\\\/schema\\\/person\\\/a52bdc8bfd4499c595b6df8ff130beb0\",\"name\":\"FREA\",\"image\":{\"@type\":\"ImageObject\",\"inLanguage\":\"pt-BR\",\"@id\":\"https:\\\/\\\/secure.gravatar.com\\\/avatar\\\/1617b9d57cce2b8f36041f2af3f487cc283646e159b7bfb5fbc0717d39cd86a8?s=96&d=mm&r=g\",\"url\":\"https:\\\/\\\/secure.gravatar.com\\\/avatar\\\/1617b9d57cce2b8f36041f2af3f487cc283646e159b7bfb5fbc0717d39cd86a8?s=96&d=mm&r=g\",\"contentUrl\":\"https:\\\/\\\/secure.gravatar.com\\\/avatar\\\/1617b9d57cce2b8f36041f2af3f487cc283646e159b7bfb5fbc0717d39cd86a8?s=96&d=mm&r=g\",\"caption\":\"FREA\"},\"url\":\"https:\\\/\\\/www.fira.edu.br\\\/site\\\/author\\\/administrador\\\/\"}]}<\/script>\n<!-- \/ Yoast SEO plugin. -->","yoast_head_json":{"title":"III Varal Liter\u00e1rio - FACULDADES INTEGRADAS REGIONAIS DE AVAR\u00c9","description":"O Varal Liter\u00e1rio consiste num concurso de contos, cr\u00f4nicas e poesias com participa\u00e7\u00e3o extensiva a todos os alunos de todos os cursos das Faculdades.","robots":{"index":"index","follow":"follow","max-snippet":"max-snippet:-1","max-image-preview":"max-image-preview:large","max-video-preview":"max-video-preview:-1"},"canonical":"https:\/\/www.fira.edu.br\/site\/iii-varal-literario\/","og_locale":"pt_BR","og_type":"article","og_title":"III Varal Liter\u00e1rio - FACULDADES INTEGRADAS REGIONAIS DE AVAR\u00c9","og_description":"O Varal Liter\u00e1rio consiste num concurso de contos, cr\u00f4nicas e poesias com participa\u00e7\u00e3o extensiva a todos os alunos de todos os cursos das Faculdades.","og_url":"https:\/\/www.fira.edu.br\/site\/iii-varal-literario\/","og_site_name":"FACULDADES INTEGRADAS REGIONAIS DE AVAR\u00c9","article_published_time":"2013-05-29T11:37:08+00:00","article_modified_time":"2013-05-29T11:41:53+00:00","og_image":[{"url":"https:\/\/www.fira.edu.br\/site\/wp-content\/uploads\/2013\/05\/2013_VARAL_LITERARIO_005-150x150.jpg","type":"","width":"","height":""}],"author":"FREA","twitter_misc":{"Escrito por":"FREA","Est. tempo de leitura":"1 minuto"},"schema":{"@context":"https:\/\/schema.org","@graph":[{"@type":"Article","@id":"https:\/\/www.fira.edu.br\/site\/iii-varal-literario\/#article","isPartOf":{"@id":"https:\/\/www.fira.edu.br\/site\/iii-varal-literario\/"},"author":{"name":"FREA","@id":"https:\/\/www.fira.edu.br\/site\/#\/schema\/person\/a52bdc8bfd4499c595b6df8ff130beb0"},"headline":"III Varal Liter\u00e1rio","datePublished":"2013-05-29T11:37:08+00:00","dateModified":"2013-05-29T11:41:53+00:00","mainEntityOfPage":{"@id":"https:\/\/www.fira.edu.br\/site\/iii-varal-literario\/"},"wordCount":303,"publisher":{"@id":"https:\/\/www.fira.edu.br\/site\/#organization"},"articleSection":["2013","Arquivos"],"inLanguage":"pt-BR"},{"@type":"WebPage","@id":"https:\/\/www.fira.edu.br\/site\/iii-varal-literario\/","url":"https:\/\/www.fira.edu.br\/site\/iii-varal-literario\/","name":"III Varal Liter\u00e1rio - FACULDADES INTEGRADAS REGIONAIS DE AVAR\u00c9","isPartOf":{"@id":"https:\/\/www.fira.edu.br\/site\/#website"},"datePublished":"2013-05-29T11:37:08+00:00","dateModified":"2013-05-29T11:41:53+00:00","description":"O Varal Liter\u00e1rio consiste num concurso de contos, cr\u00f4nicas e poesias com participa\u00e7\u00e3o extensiva a todos os alunos de todos os cursos das Faculdades.","breadcrumb":{"@id":"https:\/\/www.fira.edu.br\/site\/iii-varal-literario\/#breadcrumb"},"inLanguage":"pt-BR","potentialAction":[{"@type":"ReadAction","target":["https:\/\/www.fira.edu.br\/site\/iii-varal-literario\/"]}]},{"@type":"BreadcrumbList","@id":"https:\/\/www.fira.edu.br\/site\/iii-varal-literario\/#breadcrumb","itemListElement":[{"@type":"ListItem","position":1,"name":"In\u00edcio","item":"https:\/\/www.fira.edu.br\/site\/"},{"@type":"ListItem","position":2,"name":"III Varal Liter\u00e1rio"}]},{"@type":"WebSite","@id":"https:\/\/www.fira.edu.br\/site\/#website","url":"https:\/\/www.fira.edu.br\/site\/","name":"FACULDADES INTEGRADAS REGIONAIS DE AVAR\u00c9","description":"A tradi\u00e7\u00e3o \u00e9 nossa. A oportunidade \u00e9 sua.","publisher":{"@id":"https:\/\/www.fira.edu.br\/site\/#organization"},"potentialAction":[{"@type":"SearchAction","target":{"@type":"EntryPoint","urlTemplate":"https:\/\/www.fira.edu.br\/site\/?s={search_term_string}"},"query-input":{"@type":"PropertyValueSpecification","valueRequired":true,"valueName":"search_term_string"}}],"inLanguage":"pt-BR"},{"@type":"Organization","@id":"https:\/\/www.fira.edu.br\/site\/#organization","name":"FACULDADES INTEGRADAS REGIONAIS DE AVAR\u00c9","url":"https:\/\/www.fira.edu.br\/site\/","logo":{"@type":"ImageObject","inLanguage":"pt-BR","@id":"https:\/\/www.fira.edu.br\/site\/#\/schema\/logo\/image\/","url":"https:\/\/www.fira.edu.br\/site\/wp-content\/uploads\/2020\/12\/fira-teste-.png","contentUrl":"https:\/\/www.fira.edu.br\/site\/wp-content\/uploads\/2020\/12\/fira-teste-.png","width":105,"height":105,"caption":"FACULDADES INTEGRADAS REGIONAIS DE AVAR\u00c9"},"image":{"@id":"https:\/\/www.fira.edu.br\/site\/#\/schema\/logo\/image\/"}},{"@type":"Person","@id":"https:\/\/www.fira.edu.br\/site\/#\/schema\/person\/a52bdc8bfd4499c595b6df8ff130beb0","name":"FREA","image":{"@type":"ImageObject","inLanguage":"pt-BR","@id":"https:\/\/secure.gravatar.com\/avatar\/1617b9d57cce2b8f36041f2af3f487cc283646e159b7bfb5fbc0717d39cd86a8?s=96&d=mm&r=g","url":"https:\/\/secure.gravatar.com\/avatar\/1617b9d57cce2b8f36041f2af3f487cc283646e159b7bfb5fbc0717d39cd86a8?s=96&d=mm&r=g","contentUrl":"https:\/\/secure.gravatar.com\/avatar\/1617b9d57cce2b8f36041f2af3f487cc283646e159b7bfb5fbc0717d39cd86a8?s=96&d=mm&r=g","caption":"FREA"},"url":"https:\/\/www.fira.edu.br\/site\/author\/administrador\/"}]}},"jetpack_featured_media_url":"","jetpack_sharing_enabled":true,"_links":{"self":[{"href":"https:\/\/www.fira.edu.br\/site\/wp-json\/wp\/v2\/posts\/1315","targetHints":{"allow":["GET"]}}],"collection":[{"href":"https:\/\/www.fira.edu.br\/site\/wp-json\/wp\/v2\/posts"}],"about":[{"href":"https:\/\/www.fira.edu.br\/site\/wp-json\/wp\/v2\/types\/post"}],"author":[{"embeddable":true,"href":"https:\/\/www.fira.edu.br\/site\/wp-json\/wp\/v2\/users\/2"}],"replies":[{"embeddable":true,"href":"https:\/\/www.fira.edu.br\/site\/wp-json\/wp\/v2\/comments?post=1315"}],"version-history":[{"count":6,"href":"https:\/\/www.fira.edu.br\/site\/wp-json\/wp\/v2\/posts\/1315\/revisions"}],"predecessor-version":[{"id":1360,"href":"https:\/\/www.fira.edu.br\/site\/wp-json\/wp\/v2\/posts\/1315\/revisions\/1360"}],"wp:attachment":[{"href":"https:\/\/www.fira.edu.br\/site\/wp-json\/wp\/v2\/media?parent=1315"}],"wp:term":[{"taxonomy":"category","embeddable":true,"href":"https:\/\/www.fira.edu.br\/site\/wp-json\/wp\/v2\/categories?post=1315"},{"taxonomy":"post_tag","embeddable":true,"href":"https:\/\/www.fira.edu.br\/site\/wp-json\/wp\/v2\/tags?post=1315"}],"curies":[{"name":"wp","href":"https:\/\/api.w.org\/{rel}","templated":true}]}}