{"id":1386,"date":"2013-07-11T14:54:53","date_gmt":"2013-07-11T14:54:53","guid":{"rendered":"http:\/\/www.fira.edu.br\/site\/?p=1386"},"modified":"2013-07-11T14:55:36","modified_gmt":"2013-07-11T14:55:36","slug":"matrizes-formadoras-do-povo-brasileiro","status":"publish","type":"post","link":"https:\/\/www.fira.edu.br\/site\/matrizes-formadoras-do-povo-brasileiro\/","title":{"rendered":"Matrizes formadoras do Povo Brasileiro"},"content":{"rendered":"<p style=\"text-align: justify;\">Alunos do 1\u00ba Termo do Curso de Pedagogia apresentaram neste semestre (07\/06) atrav\u00e9s da disciplina FUNDAMENTOS DE HIST\u00d3RIA DO BRASIL, diversos trabalhos sobre as Matrizes formadoras do Povo Brasileiro.\u00a0 Fundamentados na obra \u201cO Povo Brasileiro. A forma\u00e7\u00e3o e o sentido do Brasil\u201d de Darcy Ribeiro, os alunos surpreenderam ao trazerem para a sala de aula, criatividade e divers\u00e3o. Cada grupo trouxe ao p\u00fablico maneiras interessantes de abordagem sobre os povos formadores da sociedade brasileira. As apresenta\u00e7\u00f5es permearam desde dan\u00e7as at\u00e9 comidas t\u00edpicas. As quais proporcionaram momentos muito prazerosos em sala de aula, fato qual comprovou que a criatividade e dedica\u00e7\u00e3o podem tornar a sala de aula em um ambiente cada vez mais atraente e instigante!<\/p>\n<ul>\n<li><b>Matriz Tupi<\/b><\/li>\n<li><b>Matriz Lusa<\/b><\/li>\n<li><b>Matriz Afro<\/b><\/li>\n<\/ul>\n<p>&nbsp;<\/p>\n<p align=\"center\">CURSO: 1\u00ba TERMO DE PEDAGOGIA<\/p>\n<p align=\"center\">DISCIPLINA: FUNDAMENTOS DE HIST\u00d3RIA<\/p>\n<p align=\"center\">DOCENTE: TICIANA COUTO ROQUEJANI<\/p>\n\n\t\t<style type=\"text\/css\">\n\t\t\t#gallery-1 {\n\t\t\t\tmargin: auto;\n\t\t\t}\n\t\t\t#gallery-1 .gallery-item {\n\t\t\t\tfloat: left;\n\t\t\t\tmargin-top: 10px;\n\t\t\t\ttext-align: center;\n\t\t\t\twidth: 25%;\n\t\t\t}\n\t\t\t#gallery-1 img {\n\t\t\t\tborder: 2px solid #cfcfcf;\n\t\t\t}\n\t\t\t#gallery-1 .gallery-caption {\n\t\t\t\tmargin-left: 0;\n\t\t\t}\n\t\t\t\/* see gallery_shortcode() in wp-includes\/media.php *\/\n\t\t<\/style>\n\t\t<div id='gallery-1' class='gallery galleryid-1386 gallery-columns-4 gallery-size-thumbnail'><dl class='gallery-item'>\n\t\t\t<dt class='gallery-icon landscape'>\n\t\t\t\t<a href='https:\/\/www.fira.edu.br\/site\/wp-content\/uploads\/2013\/07\/2013s1_matrizes_form_00014.jpg'><img decoding=\"async\" width=\"150\" height=\"150\" src=\"https:\/\/www.fira.edu.br\/site\/wp-content\/uploads\/2013\/07\/2013s1_matrizes_form_00014-150x150.jpg\" class=\"attachment-thumbnail size-thumbnail\" alt=\"\" \/><\/a>\n\t\t\t<\/dt><\/dl><dl class='gallery-item'>\n\t\t\t<dt class='gallery-icon landscape'>\n\t\t\t\t<a href='https:\/\/www.fira.edu.br\/site\/wp-content\/uploads\/2013\/07\/2013s1_matrizes_form_00010.jpg'><img decoding=\"async\" width=\"150\" height=\"150\" src=\"https:\/\/www.fira.edu.br\/site\/wp-content\/uploads\/2013\/07\/2013s1_matrizes_form_00010-150x150.jpg\" class=\"attachment-thumbnail size-thumbnail\" alt=\"\" \/><\/a>\n\t\t\t<\/dt><\/dl><dl class='gallery-item'>\n\t\t\t<dt class='gallery-icon landscape'>\n\t\t\t\t<a href='https:\/\/www.fira.edu.br\/site\/wp-content\/uploads\/2013\/07\/2013s1_matrizes_form_00002.jpg'><img decoding=\"async\" width=\"150\" height=\"150\" src=\"https:\/\/www.fira.edu.br\/site\/wp-content\/uploads\/2013\/07\/2013s1_matrizes_form_00002-150x150.jpg\" class=\"attachment-thumbnail size-thumbnail\" alt=\"\" \/><\/a>\n\t\t\t<\/dt><\/dl><dl class='gallery-item'>\n\t\t\t<dt class='gallery-icon landscape'>\n\t\t\t\t<a href='https:\/\/www.fira.edu.br\/site\/wp-content\/uploads\/2013\/07\/2013s1_matrizes_form_00008.jpg'><img loading=\"lazy\" decoding=\"async\" width=\"150\" height=\"150\" src=\"https:\/\/www.fira.edu.br\/site\/wp-content\/uploads\/2013\/07\/2013s1_matrizes_form_00008-150x150.jpg\" class=\"attachment-thumbnail size-thumbnail\" alt=\"\" \/><\/a>\n\t\t\t<\/dt><\/dl><br style=\"clear: both\" \/><dl class='gallery-item'>\n\t\t\t<dt class='gallery-icon landscape'>\n\t\t\t\t<a href='https:\/\/www.fira.edu.br\/site\/wp-content\/uploads\/2013\/07\/2013s1_matrizes_form_00019.jpg'><img loading=\"lazy\" decoding=\"async\" width=\"150\" height=\"150\" src=\"https:\/\/www.fira.edu.br\/site\/wp-content\/uploads\/2013\/07\/2013s1_matrizes_form_00019-150x150.jpg\" class=\"attachment-thumbnail size-thumbnail\" alt=\"\" \/><\/a>\n\t\t\t<\/dt><\/dl><dl class='gallery-item'>\n\t\t\t<dt class='gallery-icon landscape'>\n\t\t\t\t<a href='https:\/\/www.fira.edu.br\/site\/wp-content\/uploads\/2013\/07\/2013s1_matrizes_form_00017.jpg'><img loading=\"lazy\" decoding=\"async\" width=\"150\" height=\"150\" src=\"https:\/\/www.fira.edu.br\/site\/wp-content\/uploads\/2013\/07\/2013s1_matrizes_form_00017-150x150.jpg\" class=\"attachment-thumbnail size-thumbnail\" alt=\"\" \/><\/a>\n\t\t\t<\/dt><\/dl><dl class='gallery-item'>\n\t\t\t<dt class='gallery-icon landscape'>\n\t\t\t\t<a href='https:\/\/www.fira.edu.br\/site\/wp-content\/uploads\/2013\/07\/2013s1_matrizes_form_00007.jpg'><img loading=\"lazy\" decoding=\"async\" width=\"150\" height=\"150\" src=\"https:\/\/www.fira.edu.br\/site\/wp-content\/uploads\/2013\/07\/2013s1_matrizes_form_00007-150x150.jpg\" class=\"attachment-thumbnail size-thumbnail\" alt=\"\" \/><\/a>\n\t\t\t<\/dt><\/dl><dl class='gallery-item'>\n\t\t\t<dt class='gallery-icon landscape'>\n\t\t\t\t<a href='https:\/\/www.fira.edu.br\/site\/wp-content\/uploads\/2013\/07\/2013s1_matrizes_form_00009.jpg'><img loading=\"lazy\" decoding=\"async\" width=\"150\" height=\"150\" src=\"https:\/\/www.fira.edu.br\/site\/wp-content\/uploads\/2013\/07\/2013s1_matrizes_form_00009-150x150.jpg\" class=\"attachment-thumbnail size-thumbnail\" alt=\"\" \/><\/a>\n\t\t\t<\/dt><\/dl><br style=\"clear: both\" \/><dl class='gallery-item'>\n\t\t\t<dt class='gallery-icon landscape'>\n\t\t\t\t<a href='https:\/\/www.fira.edu.br\/site\/wp-content\/uploads\/2013\/07\/2013s1_matrizes_form_00003.jpg'><img loading=\"lazy\" decoding=\"async\" width=\"150\" height=\"150\" src=\"https:\/\/www.fira.edu.br\/site\/wp-content\/uploads\/2013\/07\/2013s1_matrizes_form_00003-150x150.jpg\" class=\"attachment-thumbnail size-thumbnail\" alt=\"\" \/><\/a>\n\t\t\t<\/dt><\/dl><dl class='gallery-item'>\n\t\t\t<dt class='gallery-icon landscape'>\n\t\t\t\t<a href='https:\/\/www.fira.edu.br\/site\/wp-content\/uploads\/2013\/07\/2013s1_matrizes_form_00013.jpg'><img loading=\"lazy\" decoding=\"async\" width=\"150\" height=\"150\" src=\"https:\/\/www.fira.edu.br\/site\/wp-content\/uploads\/2013\/07\/2013s1_matrizes_form_00013-150x150.jpg\" class=\"attachment-thumbnail size-thumbnail\" alt=\"\" \/><\/a>\n\t\t\t<\/dt><\/dl><dl class='gallery-item'>\n\t\t\t<dt class='gallery-icon landscape'>\n\t\t\t\t<a href='https:\/\/www.fira.edu.br\/site\/wp-content\/uploads\/2013\/07\/2013s1_matrizes_form_00006.jpg'><img loading=\"lazy\" decoding=\"async\" width=\"150\" height=\"150\" src=\"https:\/\/www.fira.edu.br\/site\/wp-content\/uploads\/2013\/07\/2013s1_matrizes_form_00006-150x150.jpg\" class=\"attachment-thumbnail size-thumbnail\" alt=\"\" \/><\/a>\n\t\t\t<\/dt><\/dl><dl class='gallery-item'>\n\t\t\t<dt class='gallery-icon landscape'>\n\t\t\t\t<a href='https:\/\/www.fira.edu.br\/site\/wp-content\/uploads\/2013\/07\/2013s1_matrizes_form_00015.jpg'><img loading=\"lazy\" decoding=\"async\" width=\"150\" height=\"150\" src=\"https:\/\/www.fira.edu.br\/site\/wp-content\/uploads\/2013\/07\/2013s1_matrizes_form_00015-150x150.jpg\" class=\"attachment-thumbnail size-thumbnail\" alt=\"\" \/><\/a>\n\t\t\t<\/dt><\/dl><br style=\"clear: both\" \/><dl class='gallery-item'>\n\t\t\t<dt class='gallery-icon landscape'>\n\t\t\t\t<a href='https:\/\/www.fira.edu.br\/site\/wp-content\/uploads\/2013\/07\/2013s1_matrizes_form_00001.jpg'><img loading=\"lazy\" decoding=\"async\" width=\"150\" height=\"150\" src=\"https:\/\/www.fira.edu.br\/site\/wp-content\/uploads\/2013\/07\/2013s1_matrizes_form_00001-150x150.jpg\" class=\"attachment-thumbnail size-thumbnail\" alt=\"\" \/><\/a>\n\t\t\t<\/dt><\/dl><dl class='gallery-item'>\n\t\t\t<dt class='gallery-icon portrait'>\n\t\t\t\t<a href='https:\/\/www.fira.edu.br\/site\/wp-content\/uploads\/2013\/07\/2013s1_matrizes_form_00020.jpg'><img loading=\"lazy\" decoding=\"async\" width=\"150\" height=\"150\" src=\"https:\/\/www.fira.edu.br\/site\/wp-content\/uploads\/2013\/07\/2013s1_matrizes_form_00020-150x150.jpg\" class=\"attachment-thumbnail size-thumbnail\" alt=\"\" \/><\/a>\n\t\t\t<\/dt><\/dl><dl class='gallery-item'>\n\t\t\t<dt class='gallery-icon landscape'>\n\t\t\t\t<a href='https:\/\/www.fira.edu.br\/site\/wp-content\/uploads\/2013\/07\/2013s1_matrizes_form_00004.jpg'><img loading=\"lazy\" decoding=\"async\" width=\"150\" height=\"150\" src=\"https:\/\/www.fira.edu.br\/site\/wp-content\/uploads\/2013\/07\/2013s1_matrizes_form_00004-150x150.jpg\" class=\"attachment-thumbnail size-thumbnail\" alt=\"\" \/><\/a>\n\t\t\t<\/dt><\/dl><dl class='gallery-item'>\n\t\t\t<dt class='gallery-icon landscape'>\n\t\t\t\t<a href='https:\/\/www.fira.edu.br\/site\/wp-content\/uploads\/2013\/07\/2013s1_matrizes_form_00011.jpg'><img loading=\"lazy\" decoding=\"async\" width=\"150\" height=\"150\" src=\"https:\/\/www.fira.edu.br\/site\/wp-content\/uploads\/2013\/07\/2013s1_matrizes_form_00011-150x150.jpg\" class=\"attachment-thumbnail size-thumbnail\" alt=\"\" \/><\/a>\n\t\t\t<\/dt><\/dl><br style=\"clear: both\" \/><dl class='gallery-item'>\n\t\t\t<dt class='gallery-icon landscape'>\n\t\t\t\t<a href='https:\/\/www.fira.edu.br\/site\/wp-content\/uploads\/2013\/07\/2013s1_matrizes_form_00018.jpg'><img loading=\"lazy\" decoding=\"async\" width=\"150\" height=\"150\" src=\"https:\/\/www.fira.edu.br\/site\/wp-content\/uploads\/2013\/07\/2013s1_matrizes_form_00018-150x150.jpg\" class=\"attachment-thumbnail size-thumbnail\" alt=\"\" \/><\/a>\n\t\t\t<\/dt><\/dl><dl class='gallery-item'>\n\t\t\t<dt class='gallery-icon landscape'>\n\t\t\t\t<a href='https:\/\/www.fira.edu.br\/site\/wp-content\/uploads\/2013\/07\/2013s1_matrizes_form_00005.jpg'><img loading=\"lazy\" decoding=\"async\" width=\"150\" height=\"150\" src=\"https:\/\/www.fira.edu.br\/site\/wp-content\/uploads\/2013\/07\/2013s1_matrizes_form_00005-150x150.jpg\" class=\"attachment-thumbnail size-thumbnail\" alt=\"\" \/><\/a>\n\t\t\t<\/dt><\/dl><dl class='gallery-item'>\n\t\t\t<dt class='gallery-icon landscape'>\n\t\t\t\t<a href='https:\/\/www.fira.edu.br\/site\/wp-content\/uploads\/2013\/07\/2013s1_matrizes_form_00012.jpg'><img loading=\"lazy\" decoding=\"async\" width=\"150\" height=\"150\" src=\"https:\/\/www.fira.edu.br\/site\/wp-content\/uploads\/2013\/07\/2013s1_matrizes_form_00012-150x150.jpg\" class=\"attachment-thumbnail size-thumbnail\" alt=\"\" \/><\/a>\n\t\t\t<\/dt><\/dl><dl class='gallery-item'>\n\t\t\t<dt class='gallery-icon landscape'>\n\t\t\t\t<a href='https:\/\/www.fira.edu.br\/site\/wp-content\/uploads\/2013\/07\/2013s1_matrizes_form_00022.jpg'><img loading=\"lazy\" decoding=\"async\" width=\"150\" height=\"150\" src=\"https:\/\/www.fira.edu.br\/site\/wp-content\/uploads\/2013\/07\/2013s1_matrizes_form_00022-150x150.jpg\" class=\"attachment-thumbnail size-thumbnail\" alt=\"\" \/><\/a>\n\t\t\t<\/dt><\/dl><br style=\"clear: both\" \/><dl class='gallery-item'>\n\t\t\t<dt class='gallery-icon landscape'>\n\t\t\t\t<a href='https:\/\/www.fira.edu.br\/site\/wp-content\/uploads\/2013\/07\/2013s1_matrizes_form_00021.jpg'><img loading=\"lazy\" decoding=\"async\" width=\"150\" height=\"150\" src=\"https:\/\/www.fira.edu.br\/site\/wp-content\/uploads\/2013\/07\/2013s1_matrizes_form_00021-150x150.jpg\" class=\"attachment-thumbnail size-thumbnail\" alt=\"\" \/><\/a>\n\t\t\t<\/dt><\/dl><dl class='gallery-item'>\n\t\t\t<dt class='gallery-icon landscape'>\n\t\t\t\t<a href='https:\/\/www.fira.edu.br\/site\/wp-content\/uploads\/2013\/07\/2013s1_matrizes_form_00016.jpg'><img loading=\"lazy\" decoding=\"async\" width=\"150\" height=\"150\" src=\"https:\/\/www.fira.edu.br\/site\/wp-content\/uploads\/2013\/07\/2013s1_matrizes_form_00016-150x150.jpg\" class=\"attachment-thumbnail size-thumbnail\" alt=\"\" \/><\/a>\n\t\t\t<\/dt><\/dl>\n\t\t\t<br style='clear: both' \/>\n\t\t<\/div>\n\n","protected":false},"excerpt":{"rendered":"<p>Alunos do 1\u00ba Termo do Curso de Pedagogia apresentaram neste semestre (07\/06) atrav\u00e9s da disciplina FUNDAMENTOS DE HIST\u00d3RIA DO BRASIL, diversos trabalhos sobre as Matrizes formadoras do Povo Brasileiro.\u00a0 Fundamentados na obra \u201cO Povo Brasileiro. A forma\u00e7\u00e3o e o sentido do Brasil\u201d de Darcy Ribeiro, os alunos surpreenderam ao trazerem para a sala de aula,&hellip; <br \/> <a class=\"read-more\" href=\"https:\/\/www.fira.edu.br\/site\/matrizes-formadoras-do-povo-brasileiro\/\">Leia mais<\/a><\/p>\n","protected":false},"author":2,"featured_media":0,"comment_status":"closed","ping_status":"open","sticky":false,"template":"","format":"standard","meta":{"_jetpack_memberships_contains_paid_content":false,"_joinchat":[],"footnotes":""},"categories":[12,11],"tags":[],"class_list":["post-1386","post","type-post","status-publish","format-standard","hentry","category-12","category-arquivos"],"yoast_head":"<!-- This site is optimized with the Yoast SEO plugin v27.4 - https:\/\/yoast.com\/product\/yoast-seo-wordpress\/ -->\n<title>Matrizes formadoras do Povo Brasileiro - FIRA<\/title>\n<meta name=\"description\" content=\"Alunos do 1\u00ba Termo do Curso de Pedagogia apresentaram neste semestre (07\/06) atrav\u00e9s da disciplina FUNDAMENTOS DE HIST\u00d3RIA DO BRASIL,\" \/>\n<meta name=\"robots\" content=\"index, follow, max-snippet:-1, max-image-preview:large, max-video-preview:-1\" \/>\n<link rel=\"canonical\" href=\"https:\/\/www.fira.edu.br\/site\/matrizes-formadoras-do-povo-brasileiro\/\" \/>\n<meta property=\"og:locale\" content=\"pt_BR\" \/>\n<meta property=\"og:type\" content=\"article\" \/>\n<meta property=\"og:title\" content=\"Matrizes formadoras do Povo Brasileiro - FIRA\" \/>\n<meta property=\"og:description\" content=\"Alunos do 1\u00ba Termo do Curso de Pedagogia apresentaram neste semestre (07\/06) atrav\u00e9s da disciplina FUNDAMENTOS DE HIST\u00d3RIA DO BRASIL,\" \/>\n<meta property=\"og:url\" content=\"https:\/\/www.fira.edu.br\/site\/matrizes-formadoras-do-povo-brasileiro\/\" \/>\n<meta property=\"og:site_name\" content=\"FACULDADES INTEGRADAS REGIONAIS DE AVAR\u00c9\" \/>\n<meta property=\"article:published_time\" content=\"2013-07-11T14:54:53+00:00\" \/>\n<meta property=\"article:modified_time\" content=\"2013-07-11T14:55:36+00:00\" \/>\n<meta property=\"og:image\" content=\"https:\/\/www.fira.edu.br\/site\/wp-content\/uploads\/2013\/07\/2013s1_matrizes_form_00020-150x150.jpg\" \/>\n<meta name=\"author\" content=\"FREA\" \/>\n<meta name=\"twitter:label1\" content=\"Escrito por\" \/>\n\t<meta name=\"twitter:data1\" content=\"FREA\" \/>\n\t<meta name=\"twitter:label2\" content=\"Est. tempo de leitura\" \/>\n\t<meta name=\"twitter:data2\" content=\"1 minuto\" \/>\n<script type=\"application\/ld+json\" class=\"yoast-schema-graph\">{\"@context\":\"https:\\\/\\\/schema.org\",\"@graph\":[{\"@type\":\"Article\",\"@id\":\"https:\\\/\\\/www.fira.edu.br\\\/site\\\/matrizes-formadoras-do-povo-brasileiro\\\/#article\",\"isPartOf\":{\"@id\":\"https:\\\/\\\/www.fira.edu.br\\\/site\\\/matrizes-formadoras-do-povo-brasileiro\\\/\"},\"author\":{\"name\":\"FREA\",\"@id\":\"https:\\\/\\\/www.fira.edu.br\\\/site\\\/#\\\/schema\\\/person\\\/a52bdc8bfd4499c595b6df8ff130beb0\"},\"headline\":\"Matrizes formadoras do Povo Brasileiro\",\"datePublished\":\"2013-07-11T14:54:53+00:00\",\"dateModified\":\"2013-07-11T14:55:36+00:00\",\"mainEntityOfPage\":{\"@id\":\"https:\\\/\\\/www.fira.edu.br\\\/site\\\/matrizes-formadoras-do-povo-brasileiro\\\/\"},\"wordCount\":154,\"publisher\":{\"@id\":\"https:\\\/\\\/www.fira.edu.br\\\/site\\\/#organization\"},\"articleSection\":[\"2013\",\"Arquivos\"],\"inLanguage\":\"pt-BR\"},{\"@type\":\"WebPage\",\"@id\":\"https:\\\/\\\/www.fira.edu.br\\\/site\\\/matrizes-formadoras-do-povo-brasileiro\\\/\",\"url\":\"https:\\\/\\\/www.fira.edu.br\\\/site\\\/matrizes-formadoras-do-povo-brasileiro\\\/\",\"name\":\"Matrizes formadoras do Povo Brasileiro - FIRA\",\"isPartOf\":{\"@id\":\"https:\\\/\\\/www.fira.edu.br\\\/site\\\/#website\"},\"datePublished\":\"2013-07-11T14:54:53+00:00\",\"dateModified\":\"2013-07-11T14:55:36+00:00\",\"description\":\"Alunos do 1\u00ba Termo do Curso de Pedagogia apresentaram neste semestre (07\\\/06) atrav\u00e9s da disciplina FUNDAMENTOS DE HIST\u00d3RIA DO BRASIL,\",\"breadcrumb\":{\"@id\":\"https:\\\/\\\/www.fira.edu.br\\\/site\\\/matrizes-formadoras-do-povo-brasileiro\\\/#breadcrumb\"},\"inLanguage\":\"pt-BR\",\"potentialAction\":[{\"@type\":\"ReadAction\",\"target\":[\"https:\\\/\\\/www.fira.edu.br\\\/site\\\/matrizes-formadoras-do-povo-brasileiro\\\/\"]}]},{\"@type\":\"BreadcrumbList\",\"@id\":\"https:\\\/\\\/www.fira.edu.br\\\/site\\\/matrizes-formadoras-do-povo-brasileiro\\\/#breadcrumb\",\"itemListElement\":[{\"@type\":\"ListItem\",\"position\":1,\"name\":\"In\u00edcio\",\"item\":\"https:\\\/\\\/www.fira.edu.br\\\/site\\\/\"},{\"@type\":\"ListItem\",\"position\":2,\"name\":\"Matrizes formadoras do Povo Brasileiro\"}]},{\"@type\":\"WebSite\",\"@id\":\"https:\\\/\\\/www.fira.edu.br\\\/site\\\/#website\",\"url\":\"https:\\\/\\\/www.fira.edu.br\\\/site\\\/\",\"name\":\"FACULDADES INTEGRADAS REGIONAIS DE AVAR\u00c9\",\"description\":\"A tradi\u00e7\u00e3o \u00e9 nossa. A oportunidade \u00e9 sua.\",\"publisher\":{\"@id\":\"https:\\\/\\\/www.fira.edu.br\\\/site\\\/#organization\"},\"potentialAction\":[{\"@type\":\"SearchAction\",\"target\":{\"@type\":\"EntryPoint\",\"urlTemplate\":\"https:\\\/\\\/www.fira.edu.br\\\/site\\\/?s={search_term_string}\"},\"query-input\":{\"@type\":\"PropertyValueSpecification\",\"valueRequired\":true,\"valueName\":\"search_term_string\"}}],\"inLanguage\":\"pt-BR\"},{\"@type\":\"Organization\",\"@id\":\"https:\\\/\\\/www.fira.edu.br\\\/site\\\/#organization\",\"name\":\"FACULDADES INTEGRADAS REGIONAIS DE AVAR\u00c9\",\"url\":\"https:\\\/\\\/www.fira.edu.br\\\/site\\\/\",\"logo\":{\"@type\":\"ImageObject\",\"inLanguage\":\"pt-BR\",\"@id\":\"https:\\\/\\\/www.fira.edu.br\\\/site\\\/#\\\/schema\\\/logo\\\/image\\\/\",\"url\":\"https:\\\/\\\/www.fira.edu.br\\\/site\\\/wp-content\\\/uploads\\\/2020\\\/12\\\/fira-teste-.png\",\"contentUrl\":\"https:\\\/\\\/www.fira.edu.br\\\/site\\\/wp-content\\\/uploads\\\/2020\\\/12\\\/fira-teste-.png\",\"width\":105,\"height\":105,\"caption\":\"FACULDADES INTEGRADAS REGIONAIS DE AVAR\u00c9\"},\"image\":{\"@id\":\"https:\\\/\\\/www.fira.edu.br\\\/site\\\/#\\\/schema\\\/logo\\\/image\\\/\"}},{\"@type\":\"Person\",\"@id\":\"https:\\\/\\\/www.fira.edu.br\\\/site\\\/#\\\/schema\\\/person\\\/a52bdc8bfd4499c595b6df8ff130beb0\",\"name\":\"FREA\",\"image\":{\"@type\":\"ImageObject\",\"inLanguage\":\"pt-BR\",\"@id\":\"https:\\\/\\\/secure.gravatar.com\\\/avatar\\\/1617b9d57cce2b8f36041f2af3f487cc283646e159b7bfb5fbc0717d39cd86a8?s=96&d=mm&r=g\",\"url\":\"https:\\\/\\\/secure.gravatar.com\\\/avatar\\\/1617b9d57cce2b8f36041f2af3f487cc283646e159b7bfb5fbc0717d39cd86a8?s=96&d=mm&r=g\",\"contentUrl\":\"https:\\\/\\\/secure.gravatar.com\\\/avatar\\\/1617b9d57cce2b8f36041f2af3f487cc283646e159b7bfb5fbc0717d39cd86a8?s=96&d=mm&r=g\",\"caption\":\"FREA\"},\"url\":\"https:\\\/\\\/www.fira.edu.br\\\/site\\\/author\\\/administrador\\\/\"}]}<\/script>\n<!-- \/ Yoast SEO plugin. -->","yoast_head_json":{"title":"Matrizes formadoras do Povo Brasileiro - FIRA","description":"Alunos do 1\u00ba Termo do Curso de Pedagogia apresentaram neste semestre (07\/06) atrav\u00e9s da disciplina FUNDAMENTOS DE HIST\u00d3RIA DO BRASIL,","robots":{"index":"index","follow":"follow","max-snippet":"max-snippet:-1","max-image-preview":"max-image-preview:large","max-video-preview":"max-video-preview:-1"},"canonical":"https:\/\/www.fira.edu.br\/site\/matrizes-formadoras-do-povo-brasileiro\/","og_locale":"pt_BR","og_type":"article","og_title":"Matrizes formadoras do Povo Brasileiro - FIRA","og_description":"Alunos do 1\u00ba Termo do Curso de Pedagogia apresentaram neste semestre (07\/06) atrav\u00e9s da disciplina FUNDAMENTOS DE HIST\u00d3RIA DO BRASIL,","og_url":"https:\/\/www.fira.edu.br\/site\/matrizes-formadoras-do-povo-brasileiro\/","og_site_name":"FACULDADES INTEGRADAS REGIONAIS DE AVAR\u00c9","article_published_time":"2013-07-11T14:54:53+00:00","article_modified_time":"2013-07-11T14:55:36+00:00","og_image":[{"url":"https:\/\/www.fira.edu.br\/site\/wp-content\/uploads\/2013\/07\/2013s1_matrizes_form_00020-150x150.jpg","type":"","width":"","height":""}],"author":"FREA","twitter_misc":{"Escrito por":"FREA","Est. tempo de leitura":"1 minuto"},"schema":{"@context":"https:\/\/schema.org","@graph":[{"@type":"Article","@id":"https:\/\/www.fira.edu.br\/site\/matrizes-formadoras-do-povo-brasileiro\/#article","isPartOf":{"@id":"https:\/\/www.fira.edu.br\/site\/matrizes-formadoras-do-povo-brasileiro\/"},"author":{"name":"FREA","@id":"https:\/\/www.fira.edu.br\/site\/#\/schema\/person\/a52bdc8bfd4499c595b6df8ff130beb0"},"headline":"Matrizes formadoras do Povo Brasileiro","datePublished":"2013-07-11T14:54:53+00:00","dateModified":"2013-07-11T14:55:36+00:00","mainEntityOfPage":{"@id":"https:\/\/www.fira.edu.br\/site\/matrizes-formadoras-do-povo-brasileiro\/"},"wordCount":154,"publisher":{"@id":"https:\/\/www.fira.edu.br\/site\/#organization"},"articleSection":["2013","Arquivos"],"inLanguage":"pt-BR"},{"@type":"WebPage","@id":"https:\/\/www.fira.edu.br\/site\/matrizes-formadoras-do-povo-brasileiro\/","url":"https:\/\/www.fira.edu.br\/site\/matrizes-formadoras-do-povo-brasileiro\/","name":"Matrizes formadoras do Povo Brasileiro - FIRA","isPartOf":{"@id":"https:\/\/www.fira.edu.br\/site\/#website"},"datePublished":"2013-07-11T14:54:53+00:00","dateModified":"2013-07-11T14:55:36+00:00","description":"Alunos do 1\u00ba Termo do Curso de Pedagogia apresentaram neste semestre (07\/06) atrav\u00e9s da disciplina FUNDAMENTOS DE HIST\u00d3RIA DO BRASIL,","breadcrumb":{"@id":"https:\/\/www.fira.edu.br\/site\/matrizes-formadoras-do-povo-brasileiro\/#breadcrumb"},"inLanguage":"pt-BR","potentialAction":[{"@type":"ReadAction","target":["https:\/\/www.fira.edu.br\/site\/matrizes-formadoras-do-povo-brasileiro\/"]}]},{"@type":"BreadcrumbList","@id":"https:\/\/www.fira.edu.br\/site\/matrizes-formadoras-do-povo-brasileiro\/#breadcrumb","itemListElement":[{"@type":"ListItem","position":1,"name":"In\u00edcio","item":"https:\/\/www.fira.edu.br\/site\/"},{"@type":"ListItem","position":2,"name":"Matrizes formadoras do Povo Brasileiro"}]},{"@type":"WebSite","@id":"https:\/\/www.fira.edu.br\/site\/#website","url":"https:\/\/www.fira.edu.br\/site\/","name":"FACULDADES INTEGRADAS REGIONAIS DE AVAR\u00c9","description":"A tradi\u00e7\u00e3o \u00e9 nossa. A oportunidade \u00e9 sua.","publisher":{"@id":"https:\/\/www.fira.edu.br\/site\/#organization"},"potentialAction":[{"@type":"SearchAction","target":{"@type":"EntryPoint","urlTemplate":"https:\/\/www.fira.edu.br\/site\/?s={search_term_string}"},"query-input":{"@type":"PropertyValueSpecification","valueRequired":true,"valueName":"search_term_string"}}],"inLanguage":"pt-BR"},{"@type":"Organization","@id":"https:\/\/www.fira.edu.br\/site\/#organization","name":"FACULDADES INTEGRADAS REGIONAIS DE AVAR\u00c9","url":"https:\/\/www.fira.edu.br\/site\/","logo":{"@type":"ImageObject","inLanguage":"pt-BR","@id":"https:\/\/www.fira.edu.br\/site\/#\/schema\/logo\/image\/","url":"https:\/\/www.fira.edu.br\/site\/wp-content\/uploads\/2020\/12\/fira-teste-.png","contentUrl":"https:\/\/www.fira.edu.br\/site\/wp-content\/uploads\/2020\/12\/fira-teste-.png","width":105,"height":105,"caption":"FACULDADES INTEGRADAS REGIONAIS DE AVAR\u00c9"},"image":{"@id":"https:\/\/www.fira.edu.br\/site\/#\/schema\/logo\/image\/"}},{"@type":"Person","@id":"https:\/\/www.fira.edu.br\/site\/#\/schema\/person\/a52bdc8bfd4499c595b6df8ff130beb0","name":"FREA","image":{"@type":"ImageObject","inLanguage":"pt-BR","@id":"https:\/\/secure.gravatar.com\/avatar\/1617b9d57cce2b8f36041f2af3f487cc283646e159b7bfb5fbc0717d39cd86a8?s=96&d=mm&r=g","url":"https:\/\/secure.gravatar.com\/avatar\/1617b9d57cce2b8f36041f2af3f487cc283646e159b7bfb5fbc0717d39cd86a8?s=96&d=mm&r=g","contentUrl":"https:\/\/secure.gravatar.com\/avatar\/1617b9d57cce2b8f36041f2af3f487cc283646e159b7bfb5fbc0717d39cd86a8?s=96&d=mm&r=g","caption":"FREA"},"url":"https:\/\/www.fira.edu.br\/site\/author\/administrador\/"}]}},"jetpack_featured_media_url":"","jetpack_sharing_enabled":true,"_links":{"self":[{"href":"https:\/\/www.fira.edu.br\/site\/wp-json\/wp\/v2\/posts\/1386","targetHints":{"allow":["GET"]}}],"collection":[{"href":"https:\/\/www.fira.edu.br\/site\/wp-json\/wp\/v2\/posts"}],"about":[{"href":"https:\/\/www.fira.edu.br\/site\/wp-json\/wp\/v2\/types\/post"}],"author":[{"embeddable":true,"href":"https:\/\/www.fira.edu.br\/site\/wp-json\/wp\/v2\/users\/2"}],"replies":[{"embeddable":true,"href":"https:\/\/www.fira.edu.br\/site\/wp-json\/wp\/v2\/comments?post=1386"}],"version-history":[{"count":3,"href":"https:\/\/www.fira.edu.br\/site\/wp-json\/wp\/v2\/posts\/1386\/revisions"}],"predecessor-version":[{"id":1411,"href":"https:\/\/www.fira.edu.br\/site\/wp-json\/wp\/v2\/posts\/1386\/revisions\/1411"}],"wp:attachment":[{"href":"https:\/\/www.fira.edu.br\/site\/wp-json\/wp\/v2\/media?parent=1386"}],"wp:term":[{"taxonomy":"category","embeddable":true,"href":"https:\/\/www.fira.edu.br\/site\/wp-json\/wp\/v2\/categories?post=1386"},{"taxonomy":"post_tag","embeddable":true,"href":"https:\/\/www.fira.edu.br\/site\/wp-json\/wp\/v2\/tags?post=1386"}],"curies":[{"name":"wp","href":"https:\/\/api.w.org\/{rel}","templated":true}]}}