{"id":2,"name":"FREA","url":"","description":"","link":"https:\/\/www.fira.edu.br\/site\/author\/administrador\/","slug":"administrador","avatar_urls":{"24":"https:\/\/secure.gravatar.com\/avatar\/1617b9d57cce2b8f36041f2af3f487cc283646e159b7bfb5fbc0717d39cd86a8?s=24&d=mm&r=g","48":"https:\/\/secure.gravatar.com\/avatar\/1617b9d57cce2b8f36041f2af3f487cc283646e159b7bfb5fbc0717d39cd86a8?s=48&d=mm&r=g","96":"https:\/\/secure.gravatar.com\/avatar\/1617b9d57cce2b8f36041f2af3f487cc283646e159b7bfb5fbc0717d39cd86a8?s=96&d=mm&r=g"},"meta":{"jetpack_donation_warning_dismissed":false},"yoast_head":"<!-- This site is optimized with the Yoast SEO plugin v27.4 - https:\/\/yoast.com\/product\/yoast-seo-wordpress\/ -->\n<title>FREA, Autor em FACULDADES INTEGRADAS REGIONAIS DE AVAR\u00c9<\/title>\n<meta name=\"robots\" content=\"index, follow, max-snippet:-1, max-image-preview:large, max-video-preview:-1\" \/>\n<link rel=\"canonical\" href=\"https:\/\/www.fira.edu.br\/site\/author\/administrador\/\" \/>\n<meta property=\"og:locale\" content=\"pt_BR\" \/>\n<meta property=\"og:type\" content=\"profile\" \/>\n<meta property=\"og:title\" content=\"FREA, Autor em FACULDADES INTEGRADAS REGIONAIS DE AVAR\u00c9\" \/>\n<meta property=\"og:url\" content=\"https:\/\/www.fira.edu.br\/site\/author\/administrador\/\" \/>\n<meta property=\"og:site_name\" content=\"FACULDADES INTEGRADAS REGIONAIS DE AVAR\u00c9\" \/>\n<meta property=\"og:image\" content=\"https:\/\/secure.gravatar.com\/avatar\/adcdf4e137cc7bdfb16a1148e74b2241?s=500&d=mm&r=g\" \/>\n<script type=\"application\/ld+json\" class=\"yoast-schema-graph\">{\"@context\":\"https:\\\/\\\/schema.org\",\"@graph\":[{\"@type\":\"ProfilePage\",\"@id\":\"https:\\\/\\\/www.fira.edu.br\\\/site\\\/author\\\/administrador\\\/\",\"url\":\"https:\\\/\\\/www.fira.edu.br\\\/site\\\/author\\\/administrador\\\/\",\"name\":\"FREA, Autor em FACULDADES INTEGRADAS REGIONAIS DE AVAR\u00c9\",\"isPartOf\":{\"@id\":\"https:\\\/\\\/www.fira.edu.br\\\/site\\\/#website\"},\"breadcrumb\":{\"@id\":\"https:\\\/\\\/www.fira.edu.br\\\/site\\\/author\\\/administrador\\\/#breadcrumb\"},\"inLanguage\":\"pt-BR\",\"potentialAction\":[{\"@type\":\"ReadAction\",\"target\":[\"https:\\\/\\\/www.fira.edu.br\\\/site\\\/author\\\/administrador\\\/\"]}]},{\"@type\":\"BreadcrumbList\",\"@id\":\"https:\\\/\\\/www.fira.edu.br\\\/site\\\/author\\\/administrador\\\/#breadcrumb\",\"itemListElement\":[{\"@type\":\"ListItem\",\"position\":1,\"name\":\"In\u00edcio\",\"item\":\"https:\\\/\\\/www.fira.edu.br\\\/site\\\/\"},{\"@type\":\"ListItem\",\"position\":2,\"name\":\"Arquivos sobre FREA\"}]},{\"@type\":\"WebSite\",\"@id\":\"https:\\\/\\\/www.fira.edu.br\\\/site\\\/#website\",\"url\":\"https:\\\/\\\/www.fira.edu.br\\\/site\\\/\",\"name\":\"FACULDADES INTEGRADAS REGIONAIS DE AVAR\u00c9\",\"description\":\"A tradi\u00e7\u00e3o \u00e9 nossa. A oportunidade \u00e9 sua.\",\"publisher\":{\"@id\":\"https:\\\/\\\/www.fira.edu.br\\\/site\\\/#organization\"},\"potentialAction\":[{\"@type\":\"SearchAction\",\"target\":{\"@type\":\"EntryPoint\",\"urlTemplate\":\"https:\\\/\\\/www.fira.edu.br\\\/site\\\/?s={search_term_string}\"},\"query-input\":{\"@type\":\"PropertyValueSpecification\",\"valueRequired\":true,\"valueName\":\"search_term_string\"}}],\"inLanguage\":\"pt-BR\"},{\"@type\":\"Organization\",\"@id\":\"https:\\\/\\\/www.fira.edu.br\\\/site\\\/#organization\",\"name\":\"FACULDADES INTEGRADAS REGIONAIS DE AVAR\u00c9\",\"url\":\"https:\\\/\\\/www.fira.edu.br\\\/site\\\/\",\"logo\":{\"@type\":\"ImageObject\",\"inLanguage\":\"pt-BR\",\"@id\":\"https:\\\/\\\/www.fira.edu.br\\\/site\\\/#\\\/schema\\\/logo\\\/image\\\/\",\"url\":\"https:\\\/\\\/www.fira.edu.br\\\/site\\\/wp-content\\\/uploads\\\/2020\\\/12\\\/fira-teste-.png\",\"contentUrl\":\"https:\\\/\\\/www.fira.edu.br\\\/site\\\/wp-content\\\/uploads\\\/2020\\\/12\\\/fira-teste-.png\",\"width\":105,\"height\":105,\"caption\":\"FACULDADES INTEGRADAS REGIONAIS DE AVAR\u00c9\"},\"image\":{\"@id\":\"https:\\\/\\\/www.fira.edu.br\\\/site\\\/#\\\/schema\\\/logo\\\/image\\\/\"}},{\"@type\":\"Person\",\"@id\":\"https:\\\/\\\/www.fira.edu.br\\\/site\\\/#\\\/schema\\\/person\\\/a52bdc8bfd4499c595b6df8ff130beb0\",\"name\":\"FREA\",\"image\":{\"@type\":\"ImageObject\",\"inLanguage\":\"pt-BR\",\"@id\":\"https:\\\/\\\/secure.gravatar.com\\\/avatar\\\/1617b9d57cce2b8f36041f2af3f487cc283646e159b7bfb5fbc0717d39cd86a8?s=96&d=mm&r=g\",\"url\":\"https:\\\/\\\/secure.gravatar.com\\\/avatar\\\/1617b9d57cce2b8f36041f2af3f487cc283646e159b7bfb5fbc0717d39cd86a8?s=96&d=mm&r=g\",\"contentUrl\":\"https:\\\/\\\/secure.gravatar.com\\\/avatar\\\/1617b9d57cce2b8f36041f2af3f487cc283646e159b7bfb5fbc0717d39cd86a8?s=96&d=mm&r=g\",\"caption\":\"FREA\"},\"mainEntityOfPage\":{\"@id\":\"https:\\\/\\\/www.fira.edu.br\\\/site\\\/author\\\/administrador\\\/\"}}]}<\/script>\n<!-- \/ Yoast SEO plugin. -->","yoast_head_json":{"title":"FREA, Autor em FACULDADES INTEGRADAS REGIONAIS DE AVAR\u00c9","robots":{"index":"index","follow":"follow","max-snippet":"max-snippet:-1","max-image-preview":"max-image-preview:large","max-video-preview":"max-video-preview:-1"},"canonical":"https:\/\/www.fira.edu.br\/site\/author\/administrador\/","og_locale":"pt_BR","og_type":"profile","og_title":"FREA, Autor em FACULDADES INTEGRADAS REGIONAIS DE AVAR\u00c9","og_url":"https:\/\/www.fira.edu.br\/site\/author\/administrador\/","og_site_name":"FACULDADES INTEGRADAS REGIONAIS DE AVAR\u00c9","og_image":[{"url":"https:\/\/secure.gravatar.com\/avatar\/adcdf4e137cc7bdfb16a1148e74b2241?s=500&d=mm&r=g","type":"","width":"","height":""}],"schema":{"@context":"https:\/\/schema.org","@graph":[{"@type":"ProfilePage","@id":"https:\/\/www.fira.edu.br\/site\/author\/administrador\/","url":"https:\/\/www.fira.edu.br\/site\/author\/administrador\/","name":"FREA, Autor em FACULDADES INTEGRADAS REGIONAIS DE AVAR\u00c9","isPartOf":{"@id":"https:\/\/www.fira.edu.br\/site\/#website"},"breadcrumb":{"@id":"https:\/\/www.fira.edu.br\/site\/author\/administrador\/#breadcrumb"},"inLanguage":"pt-BR","potentialAction":[{"@type":"ReadAction","target":["https:\/\/www.fira.edu.br\/site\/author\/administrador\/"]}]},{"@type":"BreadcrumbList","@id":"https:\/\/www.fira.edu.br\/site\/author\/administrador\/#breadcrumb","itemListElement":[{"@type":"ListItem","position":1,"name":"In\u00edcio","item":"https:\/\/www.fira.edu.br\/site\/"},{"@type":"ListItem","position":2,"name":"Arquivos sobre FREA"}]},{"@type":"WebSite","@id":"https:\/\/www.fira.edu.br\/site\/#website","url":"https:\/\/www.fira.edu.br\/site\/","name":"FACULDADES INTEGRADAS REGIONAIS DE AVAR\u00c9","description":"A tradi\u00e7\u00e3o \u00e9 nossa. A oportunidade \u00e9 sua.","publisher":{"@id":"https:\/\/www.fira.edu.br\/site\/#organization"},"potentialAction":[{"@type":"SearchAction","target":{"@type":"EntryPoint","urlTemplate":"https:\/\/www.fira.edu.br\/site\/?s={search_term_string}"},"query-input":{"@type":"PropertyValueSpecification","valueRequired":true,"valueName":"search_term_string"}}],"inLanguage":"pt-BR"},{"@type":"Organization","@id":"https:\/\/www.fira.edu.br\/site\/#organization","name":"FACULDADES INTEGRADAS REGIONAIS DE AVAR\u00c9","url":"https:\/\/www.fira.edu.br\/site\/","logo":{"@type":"ImageObject","inLanguage":"pt-BR","@id":"https:\/\/www.fira.edu.br\/site\/#\/schema\/logo\/image\/","url":"https:\/\/www.fira.edu.br\/site\/wp-content\/uploads\/2020\/12\/fira-teste-.png","contentUrl":"https:\/\/www.fira.edu.br\/site\/wp-content\/uploads\/2020\/12\/fira-teste-.png","width":105,"height":105,"caption":"FACULDADES INTEGRADAS REGIONAIS DE AVAR\u00c9"},"image":{"@id":"https:\/\/www.fira.edu.br\/site\/#\/schema\/logo\/image\/"}},{"@type":"Person","@id":"https:\/\/www.fira.edu.br\/site\/#\/schema\/person\/a52bdc8bfd4499c595b6df8ff130beb0","name":"FREA","image":{"@type":"ImageObject","inLanguage":"pt-BR","@id":"https:\/\/secure.gravatar.com\/avatar\/1617b9d57cce2b8f36041f2af3f487cc283646e159b7bfb5fbc0717d39cd86a8?s=96&d=mm&r=g","url":"https:\/\/secure.gravatar.com\/avatar\/1617b9d57cce2b8f36041f2af3f487cc283646e159b7bfb5fbc0717d39cd86a8?s=96&d=mm&r=g","contentUrl":"https:\/\/secure.gravatar.com\/avatar\/1617b9d57cce2b8f36041f2af3f487cc283646e159b7bfb5fbc0717d39cd86a8?s=96&d=mm&r=g","caption":"FREA"},"mainEntityOfPage":{"@id":"https:\/\/www.fira.edu.br\/site\/author\/administrador\/"}}]}},"elementor_introduction":{"rightClick":true,"colorPickerDropping":true,"yoast-introduction":true,"ai-get-started-announcement":true,"exit_to":true,"e-apps":true,"globals_introduction":true,"yoast-introduction-editor-v2":true,"birthday_pointer_2025":true,"e-editor-one-notice-pointer":true},"_links":{"self":[{"href":"https:\/\/www.fira.edu.br\/site\/wp-json\/wp\/v2\/users\/2","targetHints":{"allow":["GET"]}}],"collection":[{"href":"https:\/\/www.fira.edu.br\/site\/wp-json\/wp\/v2\/users"}]}}